{"id":83276,"date":"2026-08-31T08:54:26","date_gmt":"2026-08-31T06:54:26","guid":{"rendered":"https:\/\/www.bthv.de\/blog\/?p=83276"},"modified":"2026-08-31T08:54:26","modified_gmt":"2026-08-31T06:54:26","slug":"tennis-jugendcamp-4-super","status":"publish","type":"post","link":"https:\/\/www.bthv.de\/blog\/tennis\/tennis-jugendcamp-4-super","title":{"rendered":"Tennis: Jugendcamp 4 &#8211; Super!!!"},"content":{"rendered":"<p><a href=\"https:\/\/www.bthv.de\/blog\/wp-content\/uploads\/2026\/08\/Bild1-6.jpg\" rel=\"lightbox[83276]\"><img loading=\"lazy\" decoding=\"async\" class=\"alignleft size-medium wp-image-83277\" src=\"https:\/\/www.bthv.de\/blog\/wp-content\/uploads\/2026\/08\/Bild1-6-300x162.jpg\" alt=\"\" width=\"300\" height=\"162\" srcset=\"https:\/\/www.bthv.de\/blog\/wp-content\/uploads\/2026\/08\/Bild1-6-300x162.jpg 300w, https:\/\/www.bthv.de\/blog\/wp-content\/uploads\/2026\/08\/Bild1-6-1024x554.jpg 1024w, https:\/\/www.bthv.de\/blog\/wp-content\/uploads\/2026\/08\/Bild1-6-768x416.jpg 768w, https:\/\/www.bthv.de\/blog\/wp-content\/uploads\/2026\/08\/Bild1-6-1536x832.jpg 1536w, https:\/\/www.bthv.de\/blog\/wp-content\/uploads\/2026\/08\/Bild1-6-500x271.jpg 500w, https:\/\/www.bthv.de\/blog\/wp-content\/uploads\/2026\/08\/Bild1-6.jpg 1666w\" sizes=\"auto, (max-width: 300px) 100vw, 300px\" \/><\/a>Foto: b\u00e4renstark<\/p>\n<p>Der letzte Sommerferien Tenniscamp Woche kommt zu Ende &#x1f44f;mit insgesamt 60 Teilnehmern und 11 Trainern haben wir mega Spa\u00df gehabt. Vielen Dank nochmal an alle f\u00fcrs mitmachen und f\u00fcr die Unterst\u00fctzung &#x1f44f;gro\u00dfes <!--more-->Dankesch\u00f6n an die Eltern, an unsere Gesch\u00e4ftsstelle , an Janni Bahnemann, Christian V\u00f6lker und Paul Frederichs f\u00fcr die Organisation, an unsere Gastro f\u00fcrs leckeres Essen und an die gesamte Trainer Team f\u00fcr eine tolle Arbeit (Chantal, Sascha, Jonas, Ubi, Kateryna, Faustine, Lea, Maya, Hadrien, Max ). Ab n\u00e4chste Woche Mittwoch geht&#8217;s mit unserem Sommertraining weiter, f\u00fcr die n\u00e4chsten 4 Wochen. Ich freu mich &#x1f44f;liebe Gr\u00fc\u00dfe Adrian &#x1f3be; &#x1f3be; &#x1f3be;<\/p>\n","protected":false},"excerpt":{"rendered":"<p>Foto: b\u00e4renstark Der letzte Sommerferien Tenniscamp Woche kommt zu Ende &#x1f44f;mit insgesamt 60 Teilnehmern und 11 Trainern haben wir mega Spa\u00df gehabt. Vielen Dank nochmal an alle f\u00fcrs mitmachen und f\u00fcr die Unterst\u00fctzung &#x1f44f;gro\u00dfes<\/p>\n","protected":false},"author":4,"featured_media":0,"comment_status":"closed","ping_status":"closed","sticky":false,"template":"","format":"standard","meta":{"ngg_post_thumbnail":0,"footnotes":""},"categories":[23],"tags":[],"class_list":["post-83276","post","type-post","status-publish","format-standard","hentry","category-tennis"],"_links":{"self":[{"href":"https:\/\/www.bthv.de\/blog\/wp-json\/wp\/v2\/posts\/83276","targetHints":{"allow":["GET"]}}],"collection":[{"href":"https:\/\/www.bthv.de\/blog\/wp-json\/wp\/v2\/posts"}],"about":[{"href":"https:\/\/www.bthv.de\/blog\/wp-json\/wp\/v2\/types\/post"}],"author":[{"embeddable":true,"href":"https:\/\/www.bthv.de\/blog\/wp-json\/wp\/v2\/users\/4"}],"replies":[{"embeddable":true,"href":"https:\/\/www.bthv.de\/blog\/wp-json\/wp\/v2\/comments?post=83276"}],"version-history":[{"count":1,"href":"https:\/\/www.bthv.de\/blog\/wp-json\/wp\/v2\/posts\/83276\/revisions"}],"predecessor-version":[{"id":83278,"href":"https:\/\/www.bthv.de\/blog\/wp-json\/wp\/v2\/posts\/83276\/revisions\/83278"}],"wp:attachment":[{"href":"https:\/\/www.bthv.de\/blog\/wp-json\/wp\/v2\/media?parent=83276"}],"wp:term":[{"taxonomy":"category","embeddable":true,"href":"https:\/\/www.bthv.de\/blog\/wp-json\/wp\/v2\/categories?post=83276"},{"taxonomy":"post_tag","embeddable":true,"href":"https:\/\/www.bthv.de\/blog\/wp-json\/wp\/v2\/tags?post=83276"}],"curies":[{"name":"wp","href":"https:\/\/api.w.org\/{rel}","templated":true}]}}