{"id":81374,"date":"2026-03-16T08:09:24","date_gmt":"2026-03-16T07:09:24","guid":{"rendered":"https:\/\/www.bthv.de\/blog\/?p=81374"},"modified":"2026-03-16T16:10:52","modified_gmt":"2026-03-16T15:10:52","slug":"tennis-osterspecial-traglufthalle-ab-23-3","status":"publish","type":"post","link":"https:\/\/www.bthv.de\/blog\/club\/tennis-osterspecial-traglufthalle-ab-23-3","title":{"rendered":"Tennis: Osterspecial Traglufthalle ab 23.3."},"content":{"rendered":"<p>Hallo Zusammen,<\/p>\n<p>auch wenn es gerade wieder etwas k\u00fchler ist, konnten wir uns bereits bei angenehmen Temperaturen vorstellen, Tennis auch wieder drau\u00dfen zu spielen.<\/p>\n<p>Wir arbeiten daran, die Au\u00dfenpl\u00e4tze werden gerade vorbereitet und wenn das Wetter mitspielt, hoffen wir auf eine \u00d6ffnung der ersten Pl\u00e4tze noch im M\u00e4rz, wir werden euch rechtzeitig informieren.<!--more--><\/p>\n<p>Jetzt aber zur Halle zur\u00fcck. Eure Abolaufzeiten enden am 22. M\u00e4rz, obwohl die Halle noch l\u00e4nger steht, was wir zum Zeitpunkt der Festlegung der Abolaufzeit aber noch nicht wussten.&nbsp;<\/p>\n<p>F\u00fcr die Zeit ab dem 23.3. m\u00f6chten wir euch unser <strong>Osterspecial<\/strong> anbieten:<\/p>\n<p>Ihr k\u00f6nnt die verf\u00fcgbaren Pl\u00e4tze zum Preis von 15\u20ac pro Stunde buchen. Die Pl\u00e4tze sind 7 Tage vor dem Spieltermin f\u00fcr alle buchbar. Hier gilt, wer zuerst bucht, bekommt den Platz.&nbsp;<\/p>\n<p>Wenn ihr bereits jetzt wisst, dass ihr euren Abotermin auch in der Zeit ab dem 23.3. nutzen m\u00f6chtet, k\u00f6nnt ihr mir gerne Bescheid geben, dann buche ich euch den Platz zum Preis von 15\u20ac vorab.&nbsp;<\/p>\n<p>Wenn ihr selbst buchen m\u00f6chtet, nehmt bitte die Buchungsart Osterspecial, nur hier\u00fcber wird der Preis von 15\u20ac berechnet.<\/p>\n<p>Und zum Schluss noch der Hinweis: F\u00fcr die Abos gilt die K\u00fcndigungsfrist bis zum 30.6. f\u00fcr euch und auch der BTHV beh\u00e4lt es sich vor, bis zu diesem Termin&nbsp;Viele Gr\u00fc\u00dfe&nbsp;<\/p>\n<p>Susi Rutz<\/p>\n<p>BTHV &#8211; Der Club<br \/>\n&nbsp;<br \/>\n*******************************************<br \/>\nBonner Tennis- und Hockey-Verein e.V.<br \/>\nSusi Rutz<\/p>\n<p>Mail: <a href=\"mailto:tennisbuero@bthv.de\">tennisbuero@bthv.de<\/a><br \/>\n&nbsp;<br \/>\nVisit us on <a href=\"http:\/\/www.bthv.de\">www.bthv.de<\/a><\/p>\n<p>&nbsp;<\/p>\n","protected":false},"excerpt":{"rendered":"<p>Hallo Zusammen, auch wenn es gerade wieder etwas k\u00fchler ist, konnten wir uns bereits bei angenehmen Temperaturen vorstellen, Tennis auch wieder drau\u00dfen zu spielen. Wir arbeiten daran, die Au\u00dfenpl\u00e4tze werden gerade vorbereitet und wenn das Wetter mitspielt, hoffen wir auf &hellip; <a href=\"https:\/\/www.bthv.de\/blog\/club\/tennis-osterspecial-traglufthalle-ab-23-3\">Weiterlesen <span class=\"meta-nav\">&rarr;<\/span><\/a><\/p>\n","protected":false},"author":4,"featured_media":0,"comment_status":"closed","ping_status":"closed","sticky":false,"template":"","format":"standard","meta":{"ngg_post_thumbnail":0,"footnotes":""},"categories":[17],"tags":[],"class_list":["post-81374","post","type-post","status-publish","format-standard","hentry","category-club"],"_links":{"self":[{"href":"https:\/\/www.bthv.de\/blog\/wp-json\/wp\/v2\/posts\/81374","targetHints":{"allow":["GET"]}}],"collection":[{"href":"https:\/\/www.bthv.de\/blog\/wp-json\/wp\/v2\/posts"}],"about":[{"href":"https:\/\/www.bthv.de\/blog\/wp-json\/wp\/v2\/types\/post"}],"author":[{"embeddable":true,"href":"https:\/\/www.bthv.de\/blog\/wp-json\/wp\/v2\/users\/4"}],"replies":[{"embeddable":true,"href":"https:\/\/www.bthv.de\/blog\/wp-json\/wp\/v2\/comments?post=81374"}],"version-history":[{"count":1,"href":"https:\/\/www.bthv.de\/blog\/wp-json\/wp\/v2\/posts\/81374\/revisions"}],"predecessor-version":[{"id":81375,"href":"https:\/\/www.bthv.de\/blog\/wp-json\/wp\/v2\/posts\/81374\/revisions\/81375"}],"wp:attachment":[{"href":"https:\/\/www.bthv.de\/blog\/wp-json\/wp\/v2\/media?parent=81374"}],"wp:term":[{"taxonomy":"category","embeddable":true,"href":"https:\/\/www.bthv.de\/blog\/wp-json\/wp\/v2\/categories?post=81374"},{"taxonomy":"post_tag","embeddable":true,"href":"https:\/\/www.bthv.de\/blog\/wp-json\/wp\/v2\/tags?post=81374"}],"curies":[{"name":"wp","href":"https:\/\/api.w.org\/{rel}","templated":true}]}}