{"id":77996,"date":"2025-05-08T09:08:11","date_gmt":"2025-05-08T07:08:11","guid":{"rendered":"https:\/\/www.bthv.de\/blog\/?p=77996"},"modified":"2025-05-08T09:08:11","modified_gmt":"2025-05-08T07:08:11","slug":"einladung-zur-podiumsdiskussion-mit-den-kandidatinnen-zur-bonner-ob-wahl-am-5-6","status":"publish","type":"post","link":"https:\/\/www.bthv.de\/blog\/club\/einladung-zur-podiumsdiskussion-mit-den-kandidatinnen-zur-bonner-ob-wahl-am-5-6","title":{"rendered":"Einladung zur Podiumsdiskussion mit den Kandidat*innen zur Bonner OB-Wahl am 5.6."},"content":{"rendered":"<p><strong>Einladung zum Bonner Sportforum<\/strong><\/p>\n<p><strong>Donnerstag, 05. Juni 2025; 18.00 Uhr <\/strong><\/p>\n<p><strong>Auditorium im Kunstmuseum Bonn <\/strong><strong>Helmut-Kohl-Allee 2<\/strong><\/p>\n<p><strong>Podiumsdiskussion mit den Kandidatinnen und Kandidaten zur Wahl des*r Oberb\u00fcrgermeisters*in <\/strong><\/p>\n<p>Liebe Vereinsvertreter*innen,<!--more--><\/p>\n<p>liebe Partner des Bonner Sports, sehr geehrte Damen und Herren,<\/p>\n<p>aus Anlass der diesj\u00e4hrigen Kommunalwahl im September laden wir die Kandidatinnen und Kandidaten der Bonner Parteien f\u00fcr das Amt des*r Oberb\u00fcrgermeister*in zu einer Podiumsdiskussion mit Fragen zum Sport in Bonn ein. Wir begr\u00fc\u00dfen an diesem Abend (in alphabetischer Reihenfolge):<\/p>\n<ul>\n<li>Guido Deus; CDU<\/li>\n<li>Katja D\u00f6rner; B\u00fcndnis90\/Die Gr\u00fcnen<\/li>\n<li>Dr. Michael Faber; Die Linke<\/li>\n<li>Petra N\u00f6hring; FDP<\/li>\n<li>Jochen Reeh-Schall; SPD<\/li>\n<\/ul>\n<p><strong>Moderation: <\/strong>Volker Gro\u00df, Chefredakteur von Radio Bonn\/Rhein-Sieg.<\/p>\n<p>Wir haben unsere angeschlossenen Mitgliedsvereine vor den Osterferien nach Ihren Erwartungen und W\u00fcnschen an ihre*n k\u00fcnftige*n Oberb\u00fcrgermeister*in befragt und eine Vielzahl von Fragen erhalten. Auch die Sportjugend Bonn ist in die Veranstaltung eingebunden, so dass wir uns auf einen spannenden und interessanten Abend freuen k\u00f6nnen.<\/p>\n<p><strong>Bitte leiten Sie diese Einladung an interessierte Clubmitglieder \u2013 speziell auch an die Jugendlichen in Ihrem Verein \u2013 weiter.<\/strong><\/p>\n<p><strong>Die Teilnahme ist nur nach vorheriger Anmeldung unter dem folgenden <\/strong><strong><a href=\"https:\/\/forms.office.com\/pages\/responsepage.aspx?id=YhBzaoYqZkO8Vfs5hHbaM7QUipg04f9Mg0spN7PdzplURDdPRTdLTFpBWExVMlFYWFNIWUlWSVZDVi4u&amp;origin=lprLink&amp;route=shorturl\">Anmeldelink<\/a> <\/strong><strong>m\u00f6glich. Anmeldeschluss ist Montag, 02.06.2025.<\/strong><\/p>\n<p>Im Anschluss an die Veranstaltung laden wir zu einem Umtrunk ein. Wir freuen uns auf Ihren Besuch.<\/p>\n<p>Mit freundlichen Gr\u00fc\u00dfen<\/p>\n<p>Bernd Seibert<\/p>\n<p>Gesch\u00e4ftsf\u00fchrer<\/p>\n<p>_____________________________________<\/p>\n<p>Stadtsportbund Bonn e.V.<\/p>\n<p>Welckerstr. 15<\/p>\n<p>53113 Bonn<\/p>\n<p>Tel.: (0228) 3364020<\/p>\n<p><a href=\"mailto:kontakt@ssb-bonn.de\">kontakt@ssb-bonn.de<\/a><\/p>\n<p><a href=\"http:\/\/www.ssb-bonn.de\/\">www.ssb-bonn.de<\/a><\/p>\n<p>&nbsp;<\/p>\n","protected":false},"excerpt":{"rendered":"<p>Einladung zum Bonner Sportforum Donnerstag, 05. Juni 2025; 18.00 Uhr Auditorium im Kunstmuseum Bonn Helmut-Kohl-Allee 2 Podiumsdiskussion mit den Kandidatinnen und Kandidaten zur Wahl des*r Oberb\u00fcrgermeisters*in Liebe Vereinsvertreter*innen,<\/p>\n","protected":false},"author":4,"featured_media":0,"comment_status":"closed","ping_status":"closed","sticky":false,"template":"","format":"standard","meta":{"ngg_post_thumbnail":0,"footnotes":""},"categories":[17],"tags":[],"class_list":["post-77996","post","type-post","status-publish","format-standard","hentry","category-club"],"_links":{"self":[{"href":"https:\/\/www.bthv.de\/blog\/wp-json\/wp\/v2\/posts\/77996","targetHints":{"allow":["GET"]}}],"collection":[{"href":"https:\/\/www.bthv.de\/blog\/wp-json\/wp\/v2\/posts"}],"about":[{"href":"https:\/\/www.bthv.de\/blog\/wp-json\/wp\/v2\/types\/post"}],"author":[{"embeddable":true,"href":"https:\/\/www.bthv.de\/blog\/wp-json\/wp\/v2\/users\/4"}],"replies":[{"embeddable":true,"href":"https:\/\/www.bthv.de\/blog\/wp-json\/wp\/v2\/comments?post=77996"}],"version-history":[{"count":1,"href":"https:\/\/www.bthv.de\/blog\/wp-json\/wp\/v2\/posts\/77996\/revisions"}],"predecessor-version":[{"id":77997,"href":"https:\/\/www.bthv.de\/blog\/wp-json\/wp\/v2\/posts\/77996\/revisions\/77997"}],"wp:attachment":[{"href":"https:\/\/www.bthv.de\/blog\/wp-json\/wp\/v2\/media?parent=77996"}],"wp:term":[{"taxonomy":"category","embeddable":true,"href":"https:\/\/www.bthv.de\/blog\/wp-json\/wp\/v2\/categories?post=77996"},{"taxonomy":"post_tag","embeddable":true,"href":"https:\/\/www.bthv.de\/blog\/wp-json\/wp\/v2\/tags?post=77996"}],"curies":[{"name":"wp","href":"https:\/\/api.w.org\/{rel}","templated":true}]}}