{"id":77768,"date":"2025-04-08T08:45:13","date_gmt":"2025-04-08T06:45:13","guid":{"rendered":"https:\/\/www.bthv.de\/blog\/?p=77768"},"modified":"2025-04-08T09:11:36","modified_gmt":"2025-04-08T07:11:36","slug":"stadtsportbund-bonn-podiumsdiskussion-mit-den-ob-kandidaten-am-5-6","status":"publish","type":"post","link":"https:\/\/www.bthv.de\/blog\/club\/stadtsportbund-bonn-podiumsdiskussion-mit-den-ob-kandidaten-am-5-6","title":{"rendered":"Stadtsportbund Bonn: Podiumsdiskussion mit den OB Kandidaten am 5.6."},"content":{"rendered":"<p>Im Bonner Kunstmuseum findet am Donnerstag, den 5.6., eine Diskussion mit den OB-Kandidaten statt &#8211; s.u. Auch BTHV Mitglieder k\u00f6nnen teilnehmen und Fragen vorschlagen&#8230;.<\/p>\n<p>&#8216;Liebe Vereinsvertreter*innen,<\/p>\n<p>vor rd. 14 Tagen hatten wir euch die untenstehende E-Mail geschickt und um eure Mithilfe gebeten, um die geplante Podiumsdiskussion mit den OB-Kandidat*innen bestm\u00f6glich vorzubereiten.<\/p>\n<p>Es scheint bis Anfang Juni noch lange hin, aber um eure eingereichten Fragen zu ordnen und daraus eine spannende Auswahl zu treffen, brauchen wir etwas Vorlauf. Wer also noch eine Frage loswerden m\u00f6chte, kann dies bis Ende dieser Woche gerne noch tun.<\/p>\n<p><strong>Einsendeschluss f\u00fcr eure Fragen ist Freitag, der 11.04.2025.<\/strong><strong>&nbsp;<\/strong><!--more--><\/p>\n<p>Hier noch einmal der <strong><a href=\"https:\/\/forms.office.com\/Pages\/ResponsePage.aspx?id=YhBzaoYqZkO8Vfs5hHbaM6-SgmK_3DFApiNlIBx3LrtUMVBLSlNKOTJHT0paT1pSWVBJQkZKVDU3Ri4u\">Link zur Umfrage<\/a><\/strong><\/p>\n<p>Vielen Dank.<\/p>\n<p>Mit freundlichen Gr\u00fc\u00dfen<\/p>\n<p>Bernd Seibert<\/p>\n<p>Gesch\u00e4ftsf\u00fchrer<\/p>\n<p>&#8212;&#8212;&#8212;&#8212;&#8212;&#8212;&#8212;&#8212;&#8212;&#8212;&#8212;&#8212;&#8212;&#8212;&#8212;&#8212;&#8212;&#8212;&#8212;&#8212;&#8212;&#8212;&#8212;&#8212;&#8212;&#8212;&#8212;&#8212;&#8212;&#8212;&#8212;&#8212;&#8212;&#8212;&#8212;&#8212;&#8212;&#8212;&#8211;<\/p>\n<p><strong>Betreff:<\/strong> Bonner Sportforum 2025 &#8211; Fragensammlung zur Podiumsdiskussion<\/p>\n<p>Liebe Vereinsvertreter*innen,<\/p>\n<p>mit E-Mail vom 07.02.2025 hatten wir Sie\/euch bereits dar\u00fcber informiert, dass wir aus Anlass der diesj\u00e4hrigen Kommunalwahl im Auditorium des Kunstmuseums ein Bonner Sportforum veranstalten werden. Dieses findet statt am <strong>Donnerstag, den 05.06.2025<\/strong> <strong>um 18.00 Uhr.<\/strong><\/p>\n<p>Wir haben alle Kandidat*innen f\u00fcr das Amt des*r Oberb\u00fcrgermeister*in zu einer Podiumsdiskussion eingeladen, um Sie zu Themen rund um den Sport in Bonn zu befragen. Der Abend wird moderiert von Volker Gro\u00df, Chefredakteur von Radio Bonn\/Rhein-Sieg. Der Sender wird die Podiumsdiskussion auch redaktionell begleiten. Die Einladung zu der Veranstaltung verschicken wir nach Ostern.<\/p>\n<p><strong>Um die Podiumsdiskussion inhaltlich vorzubereiten, sind wir auf eure Mithilfe angewiesen.<\/strong><\/p>\n<p>Bitte schickt uns eure Fragen, Erwartungen oder W\u00fcnsche an den\/die neue Oberb\u00fcrgermeister*in. Aus euren (hoffentlich) zahlreichen R\u00fcckmeldungen werden wir einen vielf\u00e4ltigen Fragenkatalog zusammenstellen und uns f\u00fcr die Podiumsdiskussion ein spannendes Format \u00fcberlegen. Auch die Sportjugend Bonn ist in die Vorbereitungen der Veranstaltung eingebunden. Hierzu wird die Sportjugend gesondert auf eure Jugenden im Verein zugehen.<\/p>\n<p>\u00dcber den nachfolgenden link kommt ihr zu einem Formular, in das ihr bitte eure Fragen an die Kandidat*innen formulieren k\u00f6nnt. Wir haben die Themen gegliedert in die 4 Themenbereiche<\/p>\n<ul>\n<li>Themenbereich 1: Sanierungsstau der Sportinfrastruktur \/ Zustand der Sportst\u00e4tten<\/li>\n<li>Themenbereich 2: Entwicklung der B\u00e4derlandschaft<\/li>\n<li>Themenbereich 3: Nachhaltigkeit im Sport<\/li>\n<li>Themenbereich 4: Ehrenamt \/ Personal (\u00dcbungsleiter*innen \/ Trainer*innen) \/ Vereinsverwaltung \/ B\u00fcrokratieabbau<\/li>\n<\/ul>\n<p>Bitte stellt eure Fragen m\u00f6glichst konkret und leitet die E-Mail innerhalb eures Vereins in die verschiedenen Abteilungen weiter, damit wir m\u00f6glichst viele R\u00fcckmeldungen bekommen.<\/p>\n<p><strong>Einsendeschluss f\u00fcr eure Fragen ist Freitag, der 11.04.2025.<\/strong><\/p>\n<p>Hier der <strong><a href=\"https:\/\/forms.office.com\/Pages\/ResponsePage.aspx?id=YhBzaoYqZkO8Vfs5hHbaM6-SgmK_3DFApiNlIBx3LrtUMVBLSlNKOTJHT0paT1pSWVBJQkZKVDU3Ri4u\">Link zur Umfrage<\/a><\/strong><\/p>\n<p>Die Einladung zu der Veranstaltung mit einem entsprechenden link zur Anmeldung verschicken wir nach Ostern.<\/p>\n<p>Bernd Seibert<\/p>\n<p>Gesch\u00e4ftsf\u00fchrer<\/p>\n<p>_____________________________________<\/p>\n<p>Stadtsportbund Bonn e.V.<\/p>\n<p>Welckerstr. 15<\/p>\n<p>53113 Bonn<\/p>\n<p>Tel.: 0228-336 40 20<\/p>\n<p><a href=\"mailto:bernd.seibert@ssb-bonn.de\">bernd.seibert@ssb-bonn.de<\/a><\/p>\n<p><a href=\"http:\/\/www.ssb-bonn.de\/\">www.ssb-bonn.de<\/a><\/p>\n","protected":false},"excerpt":{"rendered":"<p>Im Bonner Kunstmuseum findet am Donnerstag, den 5.6., eine Diskussion mit den OB-Kandidaten statt &#8211; s.u. Auch BTHV Mitglieder k\u00f6nnen teilnehmen und Fragen vorschlagen&#8230;. &#8216;Liebe Vereinsvertreter*innen, vor rd. 14 Tagen hatten wir euch die untenstehende E-Mail geschickt und um eure &hellip; <a href=\"https:\/\/www.bthv.de\/blog\/club\/stadtsportbund-bonn-podiumsdiskussion-mit-den-ob-kandidaten-am-5-6\">Weiterlesen <span class=\"meta-nav\">&rarr;<\/span><\/a><\/p>\n","protected":false},"author":4,"featured_media":0,"comment_status":"closed","ping_status":"closed","sticky":false,"template":"","format":"standard","meta":{"ngg_post_thumbnail":0,"footnotes":""},"categories":[17],"tags":[],"class_list":["post-77768","post","type-post","status-publish","format-standard","hentry","category-club"],"_links":{"self":[{"href":"https:\/\/www.bthv.de\/blog\/wp-json\/wp\/v2\/posts\/77768","targetHints":{"allow":["GET"]}}],"collection":[{"href":"https:\/\/www.bthv.de\/blog\/wp-json\/wp\/v2\/posts"}],"about":[{"href":"https:\/\/www.bthv.de\/blog\/wp-json\/wp\/v2\/types\/post"}],"author":[{"embeddable":true,"href":"https:\/\/www.bthv.de\/blog\/wp-json\/wp\/v2\/users\/4"}],"replies":[{"embeddable":true,"href":"https:\/\/www.bthv.de\/blog\/wp-json\/wp\/v2\/comments?post=77768"}],"version-history":[{"count":2,"href":"https:\/\/www.bthv.de\/blog\/wp-json\/wp\/v2\/posts\/77768\/revisions"}],"predecessor-version":[{"id":77770,"href":"https:\/\/www.bthv.de\/blog\/wp-json\/wp\/v2\/posts\/77768\/revisions\/77770"}],"wp:attachment":[{"href":"https:\/\/www.bthv.de\/blog\/wp-json\/wp\/v2\/media?parent=77768"}],"wp:term":[{"taxonomy":"category","embeddable":true,"href":"https:\/\/www.bthv.de\/blog\/wp-json\/wp\/v2\/categories?post=77768"},{"taxonomy":"post_tag","embeddable":true,"href":"https:\/\/www.bthv.de\/blog\/wp-json\/wp\/v2\/tags?post=77768"}],"curies":[{"name":"wp","href":"https:\/\/api.w.org\/{rel}","templated":true}]}}